{"id":267,"date":"2024-11-07T13:23:43","date_gmt":"2024-11-07T13:23:43","guid":{"rendered":"https:\/\/ondes-oceane.ch\/?p=267"},"modified":"2026-05-08T11:54:57","modified_gmt":"2026-05-08T11:54:57","slug":"lequilibre-un-chemin-spirituel-vers-lharmonie-interieure","status":"publish","type":"post","link":"https:\/\/ondes-oceane.ch\/?p=267","title":{"rendered":"L&rsquo;\u00e9quilibre- Un Chemin Spirituel vers l&rsquo;Harmonie Int\u00e9rieure"},"content":{"rendered":"\t\t<div data-elementor-type=\"wp-post\" data-elementor-id=\"267\" class=\"elementor elementor-267\" data-elementor-post-type=\"post\">\n\t\t\t\t<div class=\"elementor-element elementor-element-4d17338e e-flex e-con-boxed e-con e-parent\" data-id=\"4d17338e\" data-element_type=\"container\" data-e-type=\"container\">\n\t\t\t\t\t<div class=\"e-con-inner\">\n\t\t\t\t<div class=\"elementor-element elementor-element-1474fcd9 elementor-widget elementor-widget-text-editor\" data-id=\"1474fcd9\" data-element_type=\"widget\" data-e-type=\"widget\" data-widget_type=\"text-editor.default\">\n\t\t\t\t<div class=\"elementor-widget-container\">\n\t\t\t\t\t\t\t\t\t<p>Dans notre qu\u00eate de sens et de paix, l\u2019\u00e9quilibre appara\u00eet comme un pilier fondamental de la vie spirituelle et \u00e9nerg\u00e9tique. Il ne s&rsquo;agit pas simplement de jongler entre nos obligations et nos d\u00e9sirs, mais d<strong>&lsquo;harmoniser<\/strong> notre \u00eatre tout entier \u2013<strong> nos trois corps<\/strong> \u2013 dans un mouvement fluide et conscient.<\/p>\n<p>\u00a0<\/p>\n<ul>\n<li><strong><span style=\"background-color: transparent; text-align: var(--text-align);\">\u00a0L\u2019\u00c9quilibre entre l\u2019Int\u00e9rieur et l\u2019Ext\u00e9rieur<\/span><\/strong><\/li>\n<\/ul>\n<p>Notre monde moderne nous pousse souvent \u00e0 chercher des r\u00e9ponses \u00e0 l\u2019ext\u00e9rieur de nous-m\u00eames : r\u00e9ussite sociale, possessions, validation des autres. Pourtant, un v\u00e9ritable \u00e9quilibre commence par une <strong>introspection profonde<\/strong>. Celle-ci se vit au quotidien en prenant du temps pour le silence, la m\u00e9ditation, l\u2019\u00e9criture, l\u2019\u00e9coute de ses besoins et de ses ressentis.<\/p>\n<p>L\u2019introspection nous aide \u00e0 nous connecter \u00e0 notre v\u00e9ritable nature afin d\u2019incarner pleinement ce que nous sommes.<\/p>\n<p><strong>\u00a0<\/strong><\/p>\n<ul>\n<li><strong>L\u2019Harmonie des Trois Corps<\/strong><\/li>\n<\/ul>\n<p>Pour atteindre l\u2019harmonie int\u00e9rieure, il est essentiel d\u2019aligner nos trois corps : physique, mental et \u00e9nerg\u00e9tique.<\/p>\n<p><strong><span style=\"text-decoration: underline;\">Le corps physique<\/span><\/strong> : notre v\u00e9hicule<\/p>\n<p><strong>Manger<\/strong> sainement, en connaissant la provenance et la qualit\u00e9 des aliments, et en prenant le temps de bien les mastiquer.<\/p>\n<p>Bien <strong>respirer<\/strong> pour oxyg\u00e9ner correctement les organes gr\u00e2ce \u00e0 une respiration abdominale consciente.<\/p>\n<p><strong>Dormir<\/strong> efficacement, avec r\u00e9gularit\u00e9 et dans un environnement propice au repos.<\/p>\n<p><strong><span style=\"text-decoration: underline;\">Le corps mental<\/span><\/strong> : le centre de nos pens\u00e9es.<\/p>\n<p>Il traite et interpr\u00e8te les informations, n\u00e9cessitant une <strong>alimentation intellectuelle riche<\/strong> et constructive.<\/p>\n<p>Un mental \u00e9quilibr\u00e9 favorise des pens\u00e9es claires et des actions coh\u00e9rentes.<\/p>\n<p>Cultiver la <strong>pens\u00e9e positive<\/strong>, la <strong>gratitude<\/strong> et un langage bienveillant est essentiel.<\/p>\n<p><span style=\"text-decoration: underline;\"><strong>Le corps \u00e9nerg\u00e9tique<\/strong><\/span> : notre essence subtile.<\/p>\n<p>D\u00e9velopper l<strong>\u2019intuition<\/strong> et \u00e9couter ses ressentis.<\/p>\n<p>Prendre conscience de <strong>l\u2019influence des mots<\/strong> et de l\u2019environnement sur notre \u00e9nergie.<\/p>\n<p>Identifier et r\u00e9guler les carences \u00e9nerg\u00e9tiques li\u00e9es aux traumatismes.<\/p>\n<p>Pratiquer la<strong> pleine conscience<\/strong> dans nos gestes quotidiens permet d\u2019aligner ces trois corps et d\u2019acc\u00e9der \u00e0 une meilleure harmonie int\u00e9rieure.<\/p>\n<p>\u00a0<\/p>\n<ul>\n<li><strong>\u00a0 L\u2019\u00c9quilibre entre Contr\u00f4le et L\u00e2cher-prise<\/strong><\/li>\n<\/ul>\n<p>Nous sommes souvent tiraill\u00e9s entre le besoin de contr\u00f4ler et la n\u00e9cessit\u00e9 de <strong>l\u00e2cher prise.<\/strong> Comme un arbre qui s\u2019enracine profond\u00e9ment tout en laissant le vent caresser ses feuilles, nous devons apprendre \u00e0 \u00eatre \u00e0 la fois <strong>ancr\u00e9s et flexibles.<\/strong><\/p>\n<p>\u00ab\u00a0Mais l\u00e2che prise !\u00a0\u00bb On me l\u2019a souvent dit&#8230; mais comment faire ? Pendant longtemps, ces mots me semblaient impossibles \u00e0 appliquer. Je ne pouvais plus les entendre&#8230; jusqu&rsquo;\u00e0 ce que je comprenne enfin ce qu&rsquo;est le l\u00e2cher-prise, jusqu&rsquo;\u00e0 ce que je le vive.<\/p>\n<p>Alors, comment y parvenir ? Il n\u2019existe pas de recette magique, mais une chose est s\u00fbre : l\u2019exp\u00e9rience aide. <strong>Exp\u00e9rimenter<\/strong>, c&rsquo;est le secret.<\/p>\n<p>J\u2019ai compris que pour l\u00e2cher prise :<\/p>\n<p>J\u2019arr\u00eate de m\u2019ent\u00eater.<\/p>\n<p>Je fais confiance.<\/p>\n<p>Je fais de mon mieux sans culpabiliser.<\/p>\n<p>J\u2019arr\u00eate de vouloir tout contr\u00f4ler.<\/p>\n<p>Je suis l\u00e0, ici et maintenant.<\/p>\n<p>La m\u00e9ditation m\u2019aide beaucoup, tout comme le yoga et la sonoth\u00e9rapie. \u00catre dans le pr\u00e9sent aussi souvent que possible, admirer chaque petite merveille que la vie m\u2019offre au quotidien, positiver.<\/p>\n<p>Au lieu de dire \u00ab\u00a0Mais l\u00e2che prise !\u00a0\u00bb, on pourrait plut\u00f4t dire :<\/p>\n<p><strong><em>\u00ab\u00a0Accepte ce qui est, laisse aller ce qui \u00e9tait et aie confiance en ce qui sera.\u00a0\u00bb<\/em><\/strong><\/p>\n<p>\u00a0<\/p>\n<p>Un jour, un Chaman Mongol m\u2019a dit :<\/p>\n<p><em>\u00ab\u00a0Si tu es tomb\u00e9e dans un puits, il ne sert \u00e0 rien de t\u2019agiter pour vouloir \u00e0 tout prix remonter. Accepte que tu sois tomb\u00e9e et observe comment tu vas pouvoir remonter. C\u2019est \u00e0 ce moment-l\u00e0 que les solutions appara\u00eetront.\u00a0\u00bb<\/em><\/p>\n<p>\u00a0<\/p>\n<ul>\n<li>\u00a0<strong> L\u2019\u00c9quilibre dans les Relations<\/strong><\/li>\n<\/ul>\n<p><strong>L\u2019amour et la bienveillance<\/strong> doivent toujours \u00eatre accompagn\u00e9s de respect et de limites saines. Aimer, c\u2019est donner, mais c\u2019est aussi savoir recevoir sans se sacrifier. Les relations \u00e9quilibr\u00e9es reposent sur un \u00e9change mutuel, sans attente ni d\u00e9pendance \u00e9motionnelle.<br \/>Quand on parle de relation on parle aussi de son environnement de vie.<\/p>\n<p>\u00c0 travers mon propre cheminement, j\u2019ai compris que l\u2019\u00e9quilibre dans les relations passe avant tout par un <strong>\u00e9quilibre avec soi-m\u00eame.<\/strong><\/p>\n<p><strong>Apprendre \u00e0 s\u2019aimer, c\u2019est aussi apprendre \u00e0 recevoir.<\/strong><\/p>\n<p>Quelle est la relation que vous entretenez avec vous-m\u00eame ? Avec votre environnement ? Avec les autres ?\u00a0<\/p>\n<p><em>\u00ab\u00a0Il est impossible de ha\u00efr une personne sans cr\u00e9er de l&rsquo;\u00e9nergie n\u00e9gative en soi. Ha\u00efr les autres, c&rsquo;est se d\u00e9truire soi-m\u00eame.\u00a0\u00bb<\/em><\/p>\n<p>\u00a0<\/p>\n<ul>\n<li><strong>\u00a0Garder son Centre : Un Art Spirituel<\/strong><\/li>\n<\/ul>\n<p>L\u2019\u00e9quilibre n\u2019est pas un \u00e9tat fig\u00e9, mais un mouvement constant. Comme un funambule qui ajuste chaque pas, nous devons cultiver la pr\u00e9sence et l\u2019\u00e9coute de soi pour rester align\u00e9s.<\/p>\n<p>Se recentrer quotidiennement \u00e0 travers la m\u00e9ditation, la contemplation de la nature, le yoga, la sonoth\u00e9rapie\u2026 permet de conserver notre axe int\u00e9rieur. Selon vos besoins, certains outils sp\u00e9cifiques peuvent vous aider \u00e0 pr\u00e9server cet \u00e9quilibre.<\/p>\n<p>\u00a0<\/p>\n<p>\u00a0<\/p>\n<p>L\u2019\u00e9quilibre spirituel est un <strong>chemin<\/strong>, une danse entre le monde visible et l\u2019invisible, entre le faire et l\u2019\u00eatre, entre soi et l\u2019univers. Il ne s\u2019agit pas d\u2019atteindre une perfection, mais d\u2019apprendre \u00e0 naviguer avec sagesse et amour \u00e0 travers les mouvements de la vie.<\/p>\n<p>Lorsque nous cultivons cet \u00e9quilibre, nous devenons des instruments d\u2019harmonie, rayonnant la paix autour de nous.<\/p>\n<p>\u00a0<\/p>\n<p><strong>\u00a0 \u00a0 \u00a0 \u00a0 \u00a0 \u00a0 \u00a0 \u00a0 \u00a0 \u00a0 \u00a0 \u00a0 \u00a0 \u00a0 \u00a0 \u00a0 \u00a0 \u00a0 \u00a0 \u00a0 \u00a0 \u00a0 \u00a0 \u00a0 \u00a0 \u00a0 \u00a0 \u00a0 \u00a0 \u00a0 \u00a0 \u00a0 \u00a0 \u00a0 \u00a0 \u00a0 \u00a0 \u00a0 \u00a0 \u00a0 \u00a0 \u00a0 Et vous, comment cultivez-vous votre \u00e9quilibre int\u00e9rieur ?<\/strong><\/p>\n<p><!-- \/wp:paragraph --><!-- wp:paragraph --><\/p>\n<p><!-- \/wp:paragraph --><\/p>\t\t\t\t\t\t\t\t<\/div>\n\t\t\t\t<\/div>\n\t\t\t\t\t<\/div>\n\t\t\t\t<\/div>\n\t\t\t\t<\/div>\n\t\t","protected":false},"excerpt":{"rendered":"<p>Dans notre qu\u00eate de bien-\u00eatre et de s\u00e9r\u00e9nit\u00e9, l\u2019\u00e9quilibre joue un r\u00f4le essentiel. Bien plus qu\u2019un simple ajustement entre nos obligations et nos d\u00e9sirs, il s&rsquo;agit d&rsquo;une harmonie profonde entre notre corps, notre mental et notre \u00e9nergie. Cet article explore les diff\u00e9rentes dimensions de l\u2019\u00e9quilibre \u2013 int\u00e9rieur et ext\u00e9rieur, physique et mental, contr\u00f4le et l\u00e2cher-prise \u2013 pour nous aider \u00e0 avancer avec plus de fluidit\u00e9 et de conscience sur notre chemin spirituel.<\/p>\n","protected":false},"author":3,"featured_media":520,"comment_status":"open","ping_status":"open","sticky":false,"template":"","format":"standard","meta":{"footnotes":""},"categories":[1],"tags":[],"class_list":["post-267","post","type-post","status-publish","format-standard","has-post-thumbnail","hentry","category-uncategorized"],"_links":{"self":[{"href":"https:\/\/ondes-oceane.ch\/index.php?rest_route=\/wp\/v2\/posts\/267","targetHints":{"allow":["GET"]}}],"collection":[{"href":"https:\/\/ondes-oceane.ch\/index.php?rest_route=\/wp\/v2\/posts"}],"about":[{"href":"https:\/\/ondes-oceane.ch\/index.php?rest_route=\/wp\/v2\/types\/post"}],"author":[{"embeddable":true,"href":"https:\/\/ondes-oceane.ch\/index.php?rest_route=\/wp\/v2\/users\/3"}],"replies":[{"embeddable":true,"href":"https:\/\/ondes-oceane.ch\/index.php?rest_route=%2Fwp%2Fv2%2Fcomments&post=267"}],"version-history":[{"count":20,"href":"https:\/\/ondes-oceane.ch\/index.php?rest_route=\/wp\/v2\/posts\/267\/revisions"}],"predecessor-version":[{"id":547,"href":"https:\/\/ondes-oceane.ch\/index.php?rest_route=\/wp\/v2\/posts\/267\/revisions\/547"}],"wp:featuredmedia":[{"embeddable":true,"href":"https:\/\/ondes-oceane.ch\/index.php?rest_route=\/wp\/v2\/media\/520"}],"wp:attachment":[{"href":"https:\/\/ondes-oceane.ch\/index.php?rest_route=%2Fwp%2Fv2%2Fmedia&parent=267"}],"wp:term":[{"taxonomy":"category","embeddable":true,"href":"https:\/\/ondes-oceane.ch\/index.php?rest_route=%2Fwp%2Fv2%2Fcategories&post=267"},{"taxonomy":"post_tag","embeddable":true,"href":"https:\/\/ondes-oceane.ch\/index.php?rest_route=%2Fwp%2Fv2%2Ftags&post=267"}],"curies":[{"name":"wp","href":"https:\/\/api.w.org\/{rel}","templated":true}]}}